{"id":2685,"date":"2021-07-01T12:24:19","date_gmt":"2021-07-01T10:24:19","guid":{"rendered":"https:\/\/lexitlegal.com\/reglas-del-iva-ecommerce-sobre-pymes-y-autonomos-y-tipos-por-paises\/"},"modified":"2021-07-01T12:24:39","modified_gmt":"2021-07-01T10:24:39","slug":"reglas-del-iva-ecommerce-sobre-pymes-y-autonomos-y-tipos-por-paises","status":"publish","type":"post","link":"https:\/\/lexitlegal.com\/ca\/reglas-del-iva-ecommerce-sobre-pymes-y-autonomos-y-tipos-por-paises\/","title":{"rendered":"Reglas del \u2018IVA ecommerce\u2019 sobre pymes y aut\u00f3nomos y tipos por pa\u00edses"},"content":{"rendered":"<p>La digitalizaci\u00f3n ha supuesto un cambio en la manera de consumir. Ahora, un consumidor puede comprar un producto en cualquier parte del mundo gracias a la proliferaci\u00f3n de los e-commerce. Sin embargo, su auge ha provocado que la Uni\u00f3n Europea decidiera imponer IVA a este tipo de comercio electr\u00f3nico.<\/p><p>La propuesta del IVA para los e-commerce se aprob\u00f3 en el a\u00f1o 2017, aunque no ser\u00e1 hasta el 1 de julio de este a\u00f1o cuando entre en vigor, seg\u00fan informan desde Nomo, donde han analizado esta nueva normativa.<\/p><p><strong>\u00bfQu\u00e9 es el IVA de los e-commerce?<\/strong><\/p><p>El llamado IVA a los e-commerce es un sistema de tributaci\u00f3n que se aplica en el destino al que se dirige dicho producto. Esto quiere decir que se tributa en el pa\u00eds del comprador. El objetivo de la normativa es establecer un r\u00e9gimen que facilite a las empresas estas operaciones. Anteriormente, deb\u00edan darse de alta en cada pa\u00eds de la Uni\u00f3n Europea en el que quisieran vender.<\/p><p>No obstante, la nueva regulaci\u00f3n establece que es obligatorio tributar el IVA independientemente del tipo o del tama\u00f1o del env\u00edo.<\/p><p>Por ejemplo, si se vende a una empresa de Espa\u00f1a, se deber\u00e1 aplicar el IVA de dicho pa\u00eds. Por el contrario, en el caso de que la facturaci\u00f3n en ventas sea fuera de Espa\u00f1a y supera los 10.000 euros anuales, se debe aplicar el IVA del pa\u00eds del comprador y se tiene que tributar en ese pa\u00eds.<\/p><p>En el caso de que la facturaci\u00f3n en ventas sea inferior a los 10.000 euros y tambi\u00e9n sea de fuera de Espa\u00f1a, el IVA se tendr\u00e1 que tributar en Espa\u00f1a.<\/p><p>Por el contrario, podr\u00eda darse el caso de que se venda a una empresa de la Uni\u00f3n Europea, por lo que se catalogar\u00eda la operaci\u00f3n como intracomunitaria.<\/p><p><strong>IVA por pa\u00edses<\/strong><\/p><p>La nueva norma implica el tener que conocer el tipo de IVA que se aplica a cada pa\u00eds. Por ejemplo:<\/p><p>&#8211; Pa\u00edses como Espa\u00f1a, B\u00e9lgica, Holanda, Letonia, Lituania y la Rep\u00fablica Checa tributan al 21%.<\/p><p>&#8211; Hungr\u00eda tributa al 27%<\/p><p>&#8211; Croacia, Dinamarca y Suecia lo hacen al 25%<\/p><p>&#8211; Finlandia y Grecia tributan al 24%<\/p><p>&#8211; Un punto por debajo, al 23%, se sit\u00faan Irlanda, Polonia y Portugal.<\/p><p>&#8211; Eslovenia e Italia tienen un IVA del 22%<\/p><p>&#8211; Mientras que Austria, Bulgaria, Eslovaquia, Estonia, Francia y Reino Unido lo hacen al 20%<\/p><p>&#8211; En el 19% se encuentran pa\u00edses como Alemania, Chipre y Rumania.<\/p><p>&#8211; En el 18%, Malta<\/p><p>&#8211; En el 17%, Luxemburgo<\/p><p>&#8211; En el 7,7%, Suiza y el \u00faltimo de la tabla, con un 4,5% es Andorra.<\/p><p><\/p><p><strong>Fuente y foto: CincoD\u00edas<\/strong><\/p>","protected":false},"excerpt":{"rendered":"<p>El 1 de julio entra la imposici\u00f3n del IVA al comercio electr\u00f3nico.<\/p>\n","protected":false},"author":9,"featured_media":2683,"comment_status":"open","ping_status":"open","sticky":false,"template":"","format":"standard","meta":{"_joinchat":[],"footnotes":""},"categories":[14],"tags":[],"class_list":["post-2685","post","type-post","status-publish","format-standard","has-post-thumbnail","hentry","category-sense-categoria"],"yoast_head":"<!-- This site is optimized with the Yoast SEO plugin v25.6 - https:\/\/yoast.com\/wordpress\/plugins\/seo\/ -->\n<title>Reglas del \u2018IVA ecommerce\u2019 sobre pymes y aut\u00f3nomos y tipos por pa\u00edses - Lexit Legal Advocats<\/title>\n<meta name=\"robots\" content=\"index, follow, max-snippet:-1, max-image-preview:large, max-video-preview:-1\" \/>\n<link rel=\"canonical\" href=\"https:\/\/lexitlegal.com\/ca\/reglas-del-iva-ecommerce-sobre-pymes-y-autonomos-y-tipos-por-paises\/\" \/>\n<meta property=\"og:locale\" content=\"ca_ES\" \/>\n<meta property=\"og:type\" content=\"article\" \/>\n<meta property=\"og:title\" content=\"Reglas del \u2018IVA ecommerce\u2019 sobre pymes y aut\u00f3nomos y tipos por pa\u00edses - Lexit Legal Advocats\" \/>\n<meta property=\"og:description\" content=\"El 1 de julio entra la imposici\u00f3n del IVA al comercio electr\u00f3nico.\" \/>\n<meta property=\"og:url\" content=\"https:\/\/lexitlegal.com\/ca\/reglas-del-iva-ecommerce-sobre-pymes-y-autonomos-y-tipos-por-paises\/\" \/>\n<meta property=\"og:site_name\" content=\"Lexit Legal Advocats\" \/>\n<meta property=\"article:publisher\" content=\"https:\/\/m.facebook.com\/Lexit-Legal-Advocats-107647294479881\/\" \/>\n<meta property=\"article:published_time\" content=\"2021-07-01T10:24:19+00:00\" \/>\n<meta property=\"article:modified_time\" content=\"2021-07-01T10:24:39+00:00\" \/>\n<meta property=\"og:image\" content=\"https:\/\/lexitlegal.com\/wp-content\/uploads\/2021\/07\/Reglas-del-\u2018IVA-ecommerce-sobre-pymes-y-autonomos-y-tipos-por-paises.jpg\" \/>\n\t<meta property=\"og:image:width\" content=\"1960\" \/>\n\t<meta property=\"og:image:height\" content=\"1306\" \/>\n\t<meta property=\"og:image:type\" content=\"image\/jpeg\" \/>\n<meta name=\"author\" content=\"mgalan\" \/>\n<meta name=\"twitter:card\" content=\"summary_large_image\" \/>\n<meta name=\"twitter:label1\" content=\"Escrit per\" \/>\n\t<meta name=\"twitter:data1\" content=\"mgalan\" \/>\n\t<meta name=\"twitter:label2\" content=\"Temps estimat de lectura\" \/>\n\t<meta name=\"twitter:data2\" content=\"2 minuts\" \/>\n<script type=\"application\/ld+json\" class=\"yoast-schema-graph\">{\"@context\":\"https:\/\/schema.org\",\"@graph\":[{\"@type\":\"Article\",\"@id\":\"https:\/\/lexitlegal.com\/ca\/reglas-del-iva-ecommerce-sobre-pymes-y-autonomos-y-tipos-por-paises\/#article\",\"isPartOf\":{\"@id\":\"https:\/\/lexitlegal.com\/ca\/reglas-del-iva-ecommerce-sobre-pymes-y-autonomos-y-tipos-por-paises\/\"},\"author\":{\"name\":\"mgalan\",\"@id\":\"https:\/\/lexitlegal.com\/#\/schema\/person\/9b57c14182d889a1b35381173750efc4\"},\"headline\":\"Reglas del \u2018IVA ecommerce\u2019 sobre pymes y aut\u00f3nomos y tipos por pa\u00edses\",\"datePublished\":\"2021-07-01T10:24:19+00:00\",\"dateModified\":\"2021-07-01T10:24:39+00:00\",\"mainEntityOfPage\":{\"@id\":\"https:\/\/lexitlegal.com\/ca\/reglas-del-iva-ecommerce-sobre-pymes-y-autonomos-y-tipos-por-paises\/\"},\"wordCount\":471,\"commentCount\":0,\"publisher\":{\"@id\":\"https:\/\/lexitlegal.com\/#organization\"},\"image\":{\"@id\":\"https:\/\/lexitlegal.com\/ca\/reglas-del-iva-ecommerce-sobre-pymes-y-autonomos-y-tipos-por-paises\/#primaryimage\"},\"thumbnailUrl\":\"https:\/\/lexitlegal.com\/wp-content\/uploads\/2021\/07\/Reglas-del-\u2018IVA-ecommerce-sobre-pymes-y-autonomos-y-tipos-por-paises.jpg\",\"inLanguage\":\"ca\",\"potentialAction\":[{\"@type\":\"CommentAction\",\"name\":\"Comment\",\"target\":[\"https:\/\/lexitlegal.com\/ca\/reglas-del-iva-ecommerce-sobre-pymes-y-autonomos-y-tipos-por-paises\/#respond\"]}]},{\"@type\":\"WebPage\",\"@id\":\"https:\/\/lexitlegal.com\/ca\/reglas-del-iva-ecommerce-sobre-pymes-y-autonomos-y-tipos-por-paises\/\",\"url\":\"https:\/\/lexitlegal.com\/ca\/reglas-del-iva-ecommerce-sobre-pymes-y-autonomos-y-tipos-por-paises\/\",\"name\":\"Reglas del \u2018IVA ecommerce\u2019 sobre pymes y aut\u00f3nomos y tipos por pa\u00edses - Lexit Legal Advocats\",\"isPartOf\":{\"@id\":\"https:\/\/lexitlegal.com\/#website\"},\"primaryImageOfPage\":{\"@id\":\"https:\/\/lexitlegal.com\/ca\/reglas-del-iva-ecommerce-sobre-pymes-y-autonomos-y-tipos-por-paises\/#primaryimage\"},\"image\":{\"@id\":\"https:\/\/lexitlegal.com\/ca\/reglas-del-iva-ecommerce-sobre-pymes-y-autonomos-y-tipos-por-paises\/#primaryimage\"},\"thumbnailUrl\":\"https:\/\/lexitlegal.com\/wp-content\/uploads\/2021\/07\/Reglas-del-\u2018IVA-ecommerce-sobre-pymes-y-autonomos-y-tipos-por-paises.jpg\",\"datePublished\":\"2021-07-01T10:24:19+00:00\",\"dateModified\":\"2021-07-01T10:24:39+00:00\",\"breadcrumb\":{\"@id\":\"https:\/\/lexitlegal.com\/ca\/reglas-del-iva-ecommerce-sobre-pymes-y-autonomos-y-tipos-por-paises\/#breadcrumb\"},\"inLanguage\":\"ca\",\"potentialAction\":[{\"@type\":\"ReadAction\",\"target\":[\"https:\/\/lexitlegal.com\/ca\/reglas-del-iva-ecommerce-sobre-pymes-y-autonomos-y-tipos-por-paises\/\"]}]},{\"@type\":\"ImageObject\",\"inLanguage\":\"ca\",\"@id\":\"https:\/\/lexitlegal.com\/ca\/reglas-del-iva-ecommerce-sobre-pymes-y-autonomos-y-tipos-por-paises\/#primaryimage\",\"url\":\"https:\/\/lexitlegal.com\/wp-content\/uploads\/2021\/07\/Reglas-del-\u2018IVA-ecommerce-sobre-pymes-y-autonomos-y-tipos-por-paises.jpg\",\"contentUrl\":\"https:\/\/lexitlegal.com\/wp-content\/uploads\/2021\/07\/Reglas-del-\u2018IVA-ecommerce-sobre-pymes-y-autonomos-y-tipos-por-paises.jpg\",\"width\":1960,\"height\":1306},{\"@type\":\"BreadcrumbList\",\"@id\":\"https:\/\/lexitlegal.com\/ca\/reglas-del-iva-ecommerce-sobre-pymes-y-autonomos-y-tipos-por-paises\/#breadcrumb\",\"itemListElement\":[{\"@type\":\"ListItem\",\"position\":1,\"name\":\"Portada\",\"item\":\"https:\/\/lexitlegal.com\/\"},{\"@type\":\"ListItem\",\"position\":2,\"name\":\"Reglas del \u2018IVA ecommerce\u2019 sobre pymes y aut\u00f3nomos y tipos por pa\u00edses\"}]},{\"@type\":\"WebSite\",\"@id\":\"https:\/\/lexitlegal.com\/#website\",\"url\":\"https:\/\/lexitlegal.com\/\",\"name\":\"Lexit Legal Advocats\",\"description\":\"\",\"publisher\":{\"@id\":\"https:\/\/lexitlegal.com\/#organization\"},\"potentialAction\":[{\"@type\":\"SearchAction\",\"target\":{\"@type\":\"EntryPoint\",\"urlTemplate\":\"https:\/\/lexitlegal.com\/?s={search_term_string}\"},\"query-input\":{\"@type\":\"PropertyValueSpecification\",\"valueRequired\":true,\"valueName\":\"search_term_string\"}}],\"inLanguage\":\"ca\"},{\"@type\":\"Organization\",\"@id\":\"https:\/\/lexitlegal.com\/#organization\",\"name\":\"Lexit Legal Advocats\",\"url\":\"https:\/\/lexitlegal.com\/\",\"logo\":{\"@type\":\"ImageObject\",\"inLanguage\":\"ca\",\"@id\":\"https:\/\/lexitlegal.com\/#\/schema\/logo\/image\/\",\"url\":\"https:\/\/lexitlegal.com\/wp-content\/uploads\/2020\/09\/lexit-advocats.svg\",\"contentUrl\":\"https:\/\/lexitlegal.com\/wp-content\/uploads\/2020\/09\/lexit-advocats.svg\",\"width\":273.317,\"height\":51.068,\"caption\":\"Lexit Legal Advocats\"},\"image\":{\"@id\":\"https:\/\/lexitlegal.com\/#\/schema\/logo\/image\/\"},\"sameAs\":[\"https:\/\/m.facebook.com\/Lexit-Legal-Advocats-107647294479881\/\",\"https:\/\/www.linkedin.com\/company\/lexit-legal-advocats\"]},{\"@type\":\"Person\",\"@id\":\"https:\/\/lexitlegal.com\/#\/schema\/person\/9b57c14182d889a1b35381173750efc4\",\"name\":\"mgalan\",\"image\":{\"@type\":\"ImageObject\",\"inLanguage\":\"ca\",\"@id\":\"https:\/\/lexitlegal.com\/#\/schema\/person\/image\/\",\"url\":\"https:\/\/secure.gravatar.com\/avatar\/00a26e6b6be1c1f6003d6c490854df75?s=96&d=mm&r=g\",\"contentUrl\":\"https:\/\/secure.gravatar.com\/avatar\/00a26e6b6be1c1f6003d6c490854df75?s=96&d=mm&r=g\",\"caption\":\"mgalan\"}}]}<\/script>\n<!-- \/ Yoast SEO plugin. -->","yoast_head_json":{"title":"Reglas del \u2018IVA ecommerce\u2019 sobre pymes y aut\u00f3nomos y tipos por pa\u00edses - Lexit Legal Advocats","robots":{"index":"index","follow":"follow","max-snippet":"max-snippet:-1","max-image-preview":"max-image-preview:large","max-video-preview":"max-video-preview:-1"},"canonical":"https:\/\/lexitlegal.com\/ca\/reglas-del-iva-ecommerce-sobre-pymes-y-autonomos-y-tipos-por-paises\/","og_locale":"ca_ES","og_type":"article","og_title":"Reglas del \u2018IVA ecommerce\u2019 sobre pymes y aut\u00f3nomos y tipos por pa\u00edses - Lexit Legal Advocats","og_description":"El 1 de julio entra la imposici\u00f3n del IVA al comercio electr\u00f3nico.","og_url":"https:\/\/lexitlegal.com\/ca\/reglas-del-iva-ecommerce-sobre-pymes-y-autonomos-y-tipos-por-paises\/","og_site_name":"Lexit Legal Advocats","article_publisher":"https:\/\/m.facebook.com\/Lexit-Legal-Advocats-107647294479881\/","article_published_time":"2021-07-01T10:24:19+00:00","article_modified_time":"2021-07-01T10:24:39+00:00","og_image":[{"width":1960,"height":1306,"url":"https:\/\/lexitlegal.com\/wp-content\/uploads\/2021\/07\/Reglas-del-\u2018IVA-ecommerce-sobre-pymes-y-autonomos-y-tipos-por-paises.jpg","type":"image\/jpeg"}],"author":"mgalan","twitter_card":"summary_large_image","twitter_misc":{"Escrit per":"mgalan","Temps estimat de lectura":"2 minuts"},"schema":{"@context":"https:\/\/schema.org","@graph":[{"@type":"Article","@id":"https:\/\/lexitlegal.com\/ca\/reglas-del-iva-ecommerce-sobre-pymes-y-autonomos-y-tipos-por-paises\/#article","isPartOf":{"@id":"https:\/\/lexitlegal.com\/ca\/reglas-del-iva-ecommerce-sobre-pymes-y-autonomos-y-tipos-por-paises\/"},"author":{"name":"mgalan","@id":"https:\/\/lexitlegal.com\/#\/schema\/person\/9b57c14182d889a1b35381173750efc4"},"headline":"Reglas del \u2018IVA ecommerce\u2019 sobre pymes y aut\u00f3nomos y tipos por pa\u00edses","datePublished":"2021-07-01T10:24:19+00:00","dateModified":"2021-07-01T10:24:39+00:00","mainEntityOfPage":{"@id":"https:\/\/lexitlegal.com\/ca\/reglas-del-iva-ecommerce-sobre-pymes-y-autonomos-y-tipos-por-paises\/"},"wordCount":471,"commentCount":0,"publisher":{"@id":"https:\/\/lexitlegal.com\/#organization"},"image":{"@id":"https:\/\/lexitlegal.com\/ca\/reglas-del-iva-ecommerce-sobre-pymes-y-autonomos-y-tipos-por-paises\/#primaryimage"},"thumbnailUrl":"https:\/\/lexitlegal.com\/wp-content\/uploads\/2021\/07\/Reglas-del-\u2018IVA-ecommerce-sobre-pymes-y-autonomos-y-tipos-por-paises.jpg","inLanguage":"ca","potentialAction":[{"@type":"CommentAction","name":"Comment","target":["https:\/\/lexitlegal.com\/ca\/reglas-del-iva-ecommerce-sobre-pymes-y-autonomos-y-tipos-por-paises\/#respond"]}]},{"@type":"WebPage","@id":"https:\/\/lexitlegal.com\/ca\/reglas-del-iva-ecommerce-sobre-pymes-y-autonomos-y-tipos-por-paises\/","url":"https:\/\/lexitlegal.com\/ca\/reglas-del-iva-ecommerce-sobre-pymes-y-autonomos-y-tipos-por-paises\/","name":"Reglas del \u2018IVA ecommerce\u2019 sobre pymes y aut\u00f3nomos y tipos por pa\u00edses - Lexit Legal Advocats","isPartOf":{"@id":"https:\/\/lexitlegal.com\/#website"},"primaryImageOfPage":{"@id":"https:\/\/lexitlegal.com\/ca\/reglas-del-iva-ecommerce-sobre-pymes-y-autonomos-y-tipos-por-paises\/#primaryimage"},"image":{"@id":"https:\/\/lexitlegal.com\/ca\/reglas-del-iva-ecommerce-sobre-pymes-y-autonomos-y-tipos-por-paises\/#primaryimage"},"thumbnailUrl":"https:\/\/lexitlegal.com\/wp-content\/uploads\/2021\/07\/Reglas-del-\u2018IVA-ecommerce-sobre-pymes-y-autonomos-y-tipos-por-paises.jpg","datePublished":"2021-07-01T10:24:19+00:00","dateModified":"2021-07-01T10:24:39+00:00","breadcrumb":{"@id":"https:\/\/lexitlegal.com\/ca\/reglas-del-iva-ecommerce-sobre-pymes-y-autonomos-y-tipos-por-paises\/#breadcrumb"},"inLanguage":"ca","potentialAction":[{"@type":"ReadAction","target":["https:\/\/lexitlegal.com\/ca\/reglas-del-iva-ecommerce-sobre-pymes-y-autonomos-y-tipos-por-paises\/"]}]},{"@type":"ImageObject","inLanguage":"ca","@id":"https:\/\/lexitlegal.com\/ca\/reglas-del-iva-ecommerce-sobre-pymes-y-autonomos-y-tipos-por-paises\/#primaryimage","url":"https:\/\/lexitlegal.com\/wp-content\/uploads\/2021\/07\/Reglas-del-\u2018IVA-ecommerce-sobre-pymes-y-autonomos-y-tipos-por-paises.jpg","contentUrl":"https:\/\/lexitlegal.com\/wp-content\/uploads\/2021\/07\/Reglas-del-\u2018IVA-ecommerce-sobre-pymes-y-autonomos-y-tipos-por-paises.jpg","width":1960,"height":1306},{"@type":"BreadcrumbList","@id":"https:\/\/lexitlegal.com\/ca\/reglas-del-iva-ecommerce-sobre-pymes-y-autonomos-y-tipos-por-paises\/#breadcrumb","itemListElement":[{"@type":"ListItem","position":1,"name":"Portada","item":"https:\/\/lexitlegal.com\/"},{"@type":"ListItem","position":2,"name":"Reglas del \u2018IVA ecommerce\u2019 sobre pymes y aut\u00f3nomos y tipos por pa\u00edses"}]},{"@type":"WebSite","@id":"https:\/\/lexitlegal.com\/#website","url":"https:\/\/lexitlegal.com\/","name":"Lexit Legal Advocats","description":"","publisher":{"@id":"https:\/\/lexitlegal.com\/#organization"},"potentialAction":[{"@type":"SearchAction","target":{"@type":"EntryPoint","urlTemplate":"https:\/\/lexitlegal.com\/?s={search_term_string}"},"query-input":{"@type":"PropertyValueSpecification","valueRequired":true,"valueName":"search_term_string"}}],"inLanguage":"ca"},{"@type":"Organization","@id":"https:\/\/lexitlegal.com\/#organization","name":"Lexit Legal Advocats","url":"https:\/\/lexitlegal.com\/","logo":{"@type":"ImageObject","inLanguage":"ca","@id":"https:\/\/lexitlegal.com\/#\/schema\/logo\/image\/","url":"https:\/\/lexitlegal.com\/wp-content\/uploads\/2020\/09\/lexit-advocats.svg","contentUrl":"https:\/\/lexitlegal.com\/wp-content\/uploads\/2020\/09\/lexit-advocats.svg","width":273.317,"height":51.068,"caption":"Lexit Legal Advocats"},"image":{"@id":"https:\/\/lexitlegal.com\/#\/schema\/logo\/image\/"},"sameAs":["https:\/\/m.facebook.com\/Lexit-Legal-Advocats-107647294479881\/","https:\/\/www.linkedin.com\/company\/lexit-legal-advocats"]},{"@type":"Person","@id":"https:\/\/lexitlegal.com\/#\/schema\/person\/9b57c14182d889a1b35381173750efc4","name":"mgalan","image":{"@type":"ImageObject","inLanguage":"ca","@id":"https:\/\/lexitlegal.com\/#\/schema\/person\/image\/","url":"https:\/\/secure.gravatar.com\/avatar\/00a26e6b6be1c1f6003d6c490854df75?s=96&d=mm&r=g","contentUrl":"https:\/\/secure.gravatar.com\/avatar\/00a26e6b6be1c1f6003d6c490854df75?s=96&d=mm&r=g","caption":"mgalan"}}]}},"_links":{"self":[{"href":"https:\/\/lexitlegal.com\/ca\/wp-json\/wp\/v2\/posts\/2685"}],"collection":[{"href":"https:\/\/lexitlegal.com\/ca\/wp-json\/wp\/v2\/posts"}],"about":[{"href":"https:\/\/lexitlegal.com\/ca\/wp-json\/wp\/v2\/types\/post"}],"author":[{"embeddable":true,"href":"https:\/\/lexitlegal.com\/ca\/wp-json\/wp\/v2\/users\/9"}],"replies":[{"embeddable":true,"href":"https:\/\/lexitlegal.com\/ca\/wp-json\/wp\/v2\/comments?post=2685"}],"version-history":[{"count":1,"href":"https:\/\/lexitlegal.com\/ca\/wp-json\/wp\/v2\/posts\/2685\/revisions"}],"predecessor-version":[{"id":2686,"href":"https:\/\/lexitlegal.com\/ca\/wp-json\/wp\/v2\/posts\/2685\/revisions\/2686"}],"wp:featuredmedia":[{"embeddable":true,"href":"https:\/\/lexitlegal.com\/ca\/wp-json\/wp\/v2\/media\/2683"}],"wp:attachment":[{"href":"https:\/\/lexitlegal.com\/ca\/wp-json\/wp\/v2\/media?parent=2685"}],"wp:term":[{"taxonomy":"category","embeddable":true,"href":"https:\/\/lexitlegal.com\/ca\/wp-json\/wp\/v2\/categories?post=2685"},{"taxonomy":"post_tag","embeddable":true,"href":"https:\/\/lexitlegal.com\/ca\/wp-json\/wp\/v2\/tags?post=2685"}],"curies":[{"name":"wp","href":"https:\/\/api.w.org\/{rel}","templated":true}]}}